{"@context":"https:\/\/schema.org\/","@type":"CollectionPage","@id":"https:\/\/www.icvv.cz\/business\/#CollectionPage","headline":"Business Category","description":"","url":"https:\/\/www.icvv.cz\/business\/","hasPart":[{"@type":"Article","@id":"https:\/\/www.icvv.cz\/dovolena-u-nas\/","headline":"Dovolen\u00e1 u n\u00e1s","url":"https:\/\/www.icvv.cz\/dovolena-u-nas\/","datePublished":"2025-08-01","dateModified":"2025-08-01","mainEntityOfPage":"https:\/\/www.icvv.cz\/dovolena-u-nas\/","author":{"@type":"Person","@id":"https:\/\/www.icvv.cz\/author\/#Person","name":"","url":"https:\/\/www.icvv.cz\/author\/","identifier":1,"image":{"@type":"ImageObject","@id":"https:\/\/secure.gravatar.com\/avatar\/7ca2d940d0ae3b24fc759c0201b34a0f70fe6611e5abefd5978e89211a09cdfd?s=96&d=mm&r=g","url":"https:\/\/secure.gravatar.com\/avatar\/7ca2d940d0ae3b24fc759c0201b34a0f70fe6611e5abefd5978e89211a09cdfd?s=96&d=mm&r=g","height":96,"width":96}},"publisher":{"@type":"Organization","name":"icvv.cz","logo":{"@type":"ImageObject","@id":"\/logo.png","url":"\/logo.png","width":600,"height":60}},"image":{"@type":"ImageObject","@id":"https:\/\/www.icvv.cz\/wp-content\/uploads\/the-needle-5078688_640_1.jpg","url":"https:\/\/www.icvv.cz\/wp-content\/uploads\/the-needle-5078688_640_1.jpg","height":0,"width":0},"keywords":null},{"@type":"Article","@id":"https:\/\/www.icvv.cz\/proc-si-na-prodej-bytu-v-praze-najmout-realitniho-maklere\/","headline":"Pro\u010d si na prodej bytu v Praze najmout realitn\u00edho makl\u00e9\u0159e?","url":"https:\/\/www.icvv.cz\/proc-si-na-prodej-bytu-v-praze-najmout-realitniho-maklere\/","datePublished":"2025-06-15","dateModified":"2025-06-15","mainEntityOfPage":"https:\/\/www.icvv.cz\/proc-si-na-prodej-bytu-v-praze-najmout-realitniho-maklere\/","author":{"@type":"Person","@id":"https:\/\/www.icvv.cz\/author\/#Person","name":"","url":"https:\/\/www.icvv.cz\/author\/","identifier":1,"image":{"@type":"ImageObject","@id":"https:\/\/secure.gravatar.com\/avatar\/7ca2d940d0ae3b24fc759c0201b34a0f70fe6611e5abefd5978e89211a09cdfd?s=96&d=mm&r=g","url":"https:\/\/secure.gravatar.com\/avatar\/7ca2d940d0ae3b24fc759c0201b34a0f70fe6611e5abefd5978e89211a09cdfd?s=96&d=mm&r=g","height":96,"width":96}},"publisher":{"@type":"Organization","name":"icvv.cz","logo":{"@type":"ImageObject","@id":"\/logo.png","url":"\/logo.png","width":600,"height":60}},"image":{"@type":"ImageObject","@id":"https:\/\/www.icvv.cz\/wp-content\/uploads\/eduard-uY2kic9wlmc-unsplash.jpg","url":"https:\/\/www.icvv.cz\/wp-content\/uploads\/eduard-uY2kic9wlmc-unsplash.jpg","height":0,"width":0},"keywords":null},{"@type":"Article","@id":"https:\/\/www.icvv.cz\/ubytovani-v-beskydech\/","headline":"Ubytov\u00e1n\u00ed v Beskydech","url":"https:\/\/www.icvv.cz\/ubytovani-v-beskydech\/","datePublished":"2025-01-24","dateModified":"2025-01-24","mainEntityOfPage":"https:\/\/www.icvv.cz\/ubytovani-v-beskydech\/","author":{"@type":"Person","@id":"https:\/\/www.icvv.cz\/author\/#Person","name":"","url":"https:\/\/www.icvv.cz\/author\/","identifier":1,"image":{"@type":"ImageObject","@id":"https:\/\/secure.gravatar.com\/avatar\/7ca2d940d0ae3b24fc759c0201b34a0f70fe6611e5abefd5978e89211a09cdfd?s=96&d=mm&r=g","url":"https:\/\/secure.gravatar.com\/avatar\/7ca2d940d0ae3b24fc759c0201b34a0f70fe6611e5abefd5978e89211a09cdfd?s=96&d=mm&r=g","height":96,"width":96}},"publisher":{"@type":"Organization","name":"icvv.cz","logo":{"@type":"ImageObject","@id":"\/logo.png","url":"\/logo.png","width":600,"height":60}},"image":{"@type":"ImageObject","@id":"https:\/\/www.icvv.cz\/wp-content\/uploads\/backpack-5770414_640.jpg","url":"https:\/\/www.icvv.cz\/wp-content\/uploads\/backpack-5770414_640.jpg","height":0,"width":0},"keywords":null},{"@type":"Article","@id":"https:\/\/www.icvv.cz\/rodinna-oslava-na-koberci\/","headline":"Rodinn\u00e1 oslava na koberci","url":"https:\/\/www.icvv.cz\/rodinna-oslava-na-koberci\/","datePublished":"2025-01-14","dateModified":"2025-01-14","mainEntityOfPage":"https:\/\/www.icvv.cz\/rodinna-oslava-na-koberci\/","author":{"@type":"Person","@id":"https:\/\/www.icvv.cz\/author\/#Person","name":"","url":"https:\/\/www.icvv.cz\/author\/","identifier":1,"image":{"@type":"ImageObject","@id":"https:\/\/secure.gravatar.com\/avatar\/7ca2d940d0ae3b24fc759c0201b34a0f70fe6611e5abefd5978e89211a09cdfd?s=96&d=mm&r=g","url":"https:\/\/secure.gravatar.com\/avatar\/7ca2d940d0ae3b24fc759c0201b34a0f70fe6611e5abefd5978e89211a09cdfd?s=96&d=mm&r=g","height":96,"width":96}},"publisher":{"@type":"Organization","name":"icvv.cz","logo":{"@type":"ImageObject","@id":"\/logo.png","url":"\/logo.png","width":600,"height":60}},"image":{"@type":"ImageObject","@id":"https:\/\/www.icvv.cz\/wp-content\/uploads\/pexels-wkn-992646-1933464.jpg","url":"https:\/\/www.icvv.cz\/wp-content\/uploads\/pexels-wkn-992646-1933464.jpg","height":0,"width":0},"keywords":null},{"@type":"Article","@id":"https:\/\/www.icvv.cz\/nezapomenutelny-zazitek\/","headline":"Nezapomenuteln\u00fd z\u00e1\u017eitek","url":"https:\/\/www.icvv.cz\/nezapomenutelny-zazitek\/","datePublished":"2024-12-15","dateModified":"2024-12-15","mainEntityOfPage":"https:\/\/www.icvv.cz\/nezapomenutelny-zazitek\/","author":{"@type":"Person","@id":"https:\/\/www.icvv.cz\/author\/#Person","name":"","url":"https:\/\/www.icvv.cz\/author\/","identifier":1,"image":{"@type":"ImageObject","@id":"https:\/\/secure.gravatar.com\/avatar\/7ca2d940d0ae3b24fc759c0201b34a0f70fe6611e5abefd5978e89211a09cdfd?s=96&d=mm&r=g","url":"https:\/\/secure.gravatar.com\/avatar\/7ca2d940d0ae3b24fc759c0201b34a0f70fe6611e5abefd5978e89211a09cdfd?s=96&d=mm&r=g","height":96,"width":96}},"publisher":{"@type":"Organization","name":"icvv.cz","logo":{"@type":"ImageObject","@id":"\/logo.png","url":"\/logo.png","width":600,"height":60}},"image":{"@type":"ImageObject","@id":"https:\/\/www.icvv.cz\/wp-content\/uploads\/pexels-kristina-shcherbina-78159312-8668984.jpg","url":"https:\/\/www.icvv.cz\/wp-content\/uploads\/pexels-kristina-shcherbina-78159312-8668984.jpg","height":0,"width":0},"keywords":null},{"@type":"Article","@id":"https:\/\/www.icvv.cz\/jak-a-cim-ukotvit-polystyren-na-fasade\/","headline":"Jak a \u010d\u00edm ukotvit polystyren na fas\u00e1d\u011b","url":"https:\/\/www.icvv.cz\/jak-a-cim-ukotvit-polystyren-na-fasade\/","datePublished":"2024-11-20","dateModified":"2024-11-20","mainEntityOfPage":"https:\/\/www.icvv.cz\/jak-a-cim-ukotvit-polystyren-na-fasade\/","author":{"@type":"Person","@id":"https:\/\/www.icvv.cz\/author\/#Person","name":"","url":"https:\/\/www.icvv.cz\/author\/","identifier":1,"image":{"@type":"ImageObject","@id":"https:\/\/secure.gravatar.com\/avatar\/7ca2d940d0ae3b24fc759c0201b34a0f70fe6611e5abefd5978e89211a09cdfd?s=96&d=mm&r=g","url":"https:\/\/secure.gravatar.com\/avatar\/7ca2d940d0ae3b24fc759c0201b34a0f70fe6611e5abefd5978e89211a09cdfd?s=96&d=mm&r=g","height":96,"width":96}},"publisher":{"@type":"Organization","name":"icvv.cz","logo":{"@type":"ImageObject","@id":"\/logo.png","url":"\/logo.png","width":600,"height":60}},"image":{"@type":"ImageObject","@id":"https:\/\/www.icvv.cz\/wp-content\/uploads\/framework-1379633_640_8.jpg","url":"https:\/\/www.icvv.cz\/wp-content\/uploads\/framework-1379633_640_8.jpg","height":0,"width":0},"keywords":null},{"@type":"Article","@id":"https:\/\/www.icvv.cz\/na-co-si-dat-pozor-pri-stehovani-do-zahranici\/","headline":"Na co si d\u00e1t pozor p\u0159i st\u011bhov\u00e1n\u00ed do zahrani\u010d\u00ed","url":"https:\/\/www.icvv.cz\/na-co-si-dat-pozor-pri-stehovani-do-zahranici\/","datePublished":"2024-11-05","dateModified":"2024-11-05","mainEntityOfPage":"https:\/\/www.icvv.cz\/na-co-si-dat-pozor-pri-stehovani-do-zahranici\/","author":{"@type":"Person","@id":"https:\/\/www.icvv.cz\/author\/#Person","name":"","url":"https:\/\/www.icvv.cz\/author\/","identifier":1,"image":{"@type":"ImageObject","@id":"https:\/\/secure.gravatar.com\/avatar\/7ca2d940d0ae3b24fc759c0201b34a0f70fe6611e5abefd5978e89211a09cdfd?s=96&d=mm&r=g","url":"https:\/\/secure.gravatar.com\/avatar\/7ca2d940d0ae3b24fc759c0201b34a0f70fe6611e5abefd5978e89211a09cdfd?s=96&d=mm&r=g","height":96,"width":96}},"publisher":{"@type":"Organization","name":"icvv.cz","logo":{"@type":"ImageObject","@id":"\/logo.png","url":"\/logo.png","width":600,"height":60}},"image":{"@type":"ImageObject","@id":"https:\/\/www.icvv.cz\/wp-content\/uploads\/delivery-5585969_640_10_10_10_4.jpg","url":"https:\/\/www.icvv.cz\/wp-content\/uploads\/delivery-5585969_640_10_10_10_4.jpg","height":0,"width":0},"keywords":null},{"@type":"Article","@id":"https:\/\/www.icvv.cz\/kolik-lidi-se-podili-na-vymene-rozvodu-v-byte\/","headline":"kolik lid\u00ed se pod\u00edl\u00ed na v\u00fdm\u011bn\u011b rozvod\u016f v byt\u011b?","url":"https:\/\/www.icvv.cz\/kolik-lidi-se-podili-na-vymene-rozvodu-v-byte\/","datePublished":"2024-10-12","dateModified":"2024-10-12","mainEntityOfPage":"https:\/\/www.icvv.cz\/kolik-lidi-se-podili-na-vymene-rozvodu-v-byte\/","author":{"@type":"Person","@id":"https:\/\/www.icvv.cz\/author\/#Person","name":"","url":"https:\/\/www.icvv.cz\/author\/","identifier":1,"image":{"@type":"ImageObject","@id":"https:\/\/secure.gravatar.com\/avatar\/7ca2d940d0ae3b24fc759c0201b34a0f70fe6611e5abefd5978e89211a09cdfd?s=96&d=mm&r=g","url":"https:\/\/secure.gravatar.com\/avatar\/7ca2d940d0ae3b24fc759c0201b34a0f70fe6611e5abefd5978e89211a09cdfd?s=96&d=mm&r=g","height":96,"width":96}},"publisher":{"@type":"Organization","name":"icvv.cz","logo":{"@type":"ImageObject","@id":"\/logo.png","url":"\/logo.png","width":600,"height":60}},"image":{"@type":"ImageObject","@id":"https:\/\/www.icvv.cz\/wp-content\/uploads\/pexels-kseniachernaya-5691590_1.jpg","url":"https:\/\/www.icvv.cz\/wp-content\/uploads\/pexels-kseniachernaya-5691590_1.jpg","height":0,"width":0},"keywords":null},{"@type":"Article","@id":"https:\/\/www.icvv.cz\/jak-se-snadno-stehovat\/","headline":"Jak se snadno st\u011bhovat?","url":"https:\/\/www.icvv.cz\/jak-se-snadno-stehovat\/","datePublished":"2024-09-22","dateModified":"2024-09-22","mainEntityOfPage":"https:\/\/www.icvv.cz\/jak-se-snadno-stehovat\/","author":{"@type":"Person","@id":"https:\/\/www.icvv.cz\/author\/#Person","name":"","url":"https:\/\/www.icvv.cz\/author\/","identifier":1,"image":{"@type":"ImageObject","@id":"https:\/\/secure.gravatar.com\/avatar\/7ca2d940d0ae3b24fc759c0201b34a0f70fe6611e5abefd5978e89211a09cdfd?s=96&d=mm&r=g","url":"https:\/\/secure.gravatar.com\/avatar\/7ca2d940d0ae3b24fc759c0201b34a0f70fe6611e5abefd5978e89211a09cdfd?s=96&d=mm&r=g","height":96,"width":96}},"publisher":{"@type":"Organization","name":"icvv.cz","logo":{"@type":"ImageObject","@id":"\/logo.png","url":"\/logo.png","width":600,"height":60}},"image":{"@type":"ImageObject","@id":"https:\/\/www.icvv.cz\/wp-content\/uploads\/ssssssssssssssssss_9.jpg","url":"https:\/\/www.icvv.cz\/wp-content\/uploads\/ssssssssssssssssss_9.jpg","height":0,"width":0},"keywords":null},{"@type":"Article","@id":"https:\/\/www.icvv.cz\/chcete-zmenu\/","headline":"Chcete zm\u011bnu?","url":"https:\/\/www.icvv.cz\/chcete-zmenu\/","datePublished":"2024-07-13","dateModified":"2024-07-13","mainEntityOfPage":"https:\/\/www.icvv.cz\/chcete-zmenu\/","author":{"@type":"Person","@id":"https:\/\/www.icvv.cz\/author\/#Person","name":"","url":"https:\/\/www.icvv.cz\/author\/","identifier":1,"image":{"@type":"ImageObject","@id":"https:\/\/secure.gravatar.com\/avatar\/7ca2d940d0ae3b24fc759c0201b34a0f70fe6611e5abefd5978e89211a09cdfd?s=96&d=mm&r=g","url":"https:\/\/secure.gravatar.com\/avatar\/7ca2d940d0ae3b24fc759c0201b34a0f70fe6611e5abefd5978e89211a09cdfd?s=96&d=mm&r=g","height":96,"width":96}},"publisher":{"@type":"Organization","name":"icvv.cz","logo":{"@type":"ImageObject","@id":"\/logo.png","url":"\/logo.png","width":600,"height":60}},"image":{"@type":"ImageObject","@id":"https:\/\/www.icvv.cz\/wp-content\/uploads\/barber-6818723_640_3.jpg","url":"https:\/\/www.icvv.cz\/wp-content\/uploads\/barber-6818723_640_3.jpg","height":0,"width":0},"keywords":null}]}