{"@context":"https:\/\/schema.org\/","@type":"CollectionPage","@id":"https:\/\/www.icvv.cz\/business\/#CollectionPage","headline":"Business Category","description":"","url":"https:\/\/www.icvv.cz\/business\/","hasPart":[{"@type":"Article","@id":"https:\/\/www.icvv.cz\/na-taborsko-se-prestehujte-v-lete\/","headline":"Na T\u00e1borsko se p\u0159est\u011bhujte v l\u00e9t\u011b","url":"https:\/\/www.icvv.cz\/na-taborsko-se-prestehujte-v-lete\/","datePublished":"2023-09-23","dateModified":"2023-10-31","mainEntityOfPage":"https:\/\/www.icvv.cz\/na-taborsko-se-prestehujte-v-lete\/","author":{"@type":"Person","@id":"https:\/\/www.icvv.cz\/author\/#Person","name":"","url":"https:\/\/www.icvv.cz\/author\/","identifier":1,"image":{"@type":"ImageObject","@id":"https:\/\/secure.gravatar.com\/avatar\/7ca2d940d0ae3b24fc759c0201b34a0f70fe6611e5abefd5978e89211a09cdfd?s=96&d=mm&r=g","url":"https:\/\/secure.gravatar.com\/avatar\/7ca2d940d0ae3b24fc759c0201b34a0f70fe6611e5abefd5978e89211a09cdfd?s=96&d=mm&r=g","height":96,"width":96}},"publisher":{"@type":"Organization","name":"icvv.cz","logo":{"@type":"ImageObject","@id":"\/logo.png","url":"\/logo.png","width":600,"height":60}},"image":{"@type":"ImageObject","@id":"https:\/\/www.icvv.cz\/wp-content\/uploads\/packing-40916_640.png","url":"https:\/\/www.icvv.cz\/wp-content\/uploads\/packing-40916_640.png","height":0,"width":0},"keywords":null},{"@type":"Article","@id":"https:\/\/www.icvv.cz\/chcete-fungujici-alarm\/","headline":"Chcete funguj\u00edc\u00ed alarm?","url":"https:\/\/www.icvv.cz\/chcete-fungujici-alarm\/","datePublished":"2023-09-23","dateModified":"2023-10-31","mainEntityOfPage":"https:\/\/www.icvv.cz\/chcete-fungujici-alarm\/","author":{"@type":"Person","@id":"https:\/\/www.icvv.cz\/author\/#Person","name":"","url":"https:\/\/www.icvv.cz\/author\/","identifier":1,"image":{"@type":"ImageObject","@id":"https:\/\/secure.gravatar.com\/avatar\/7ca2d940d0ae3b24fc759c0201b34a0f70fe6611e5abefd5978e89211a09cdfd?s=96&d=mm&r=g","url":"https:\/\/secure.gravatar.com\/avatar\/7ca2d940d0ae3b24fc759c0201b34a0f70fe6611e5abefd5978e89211a09cdfd?s=96&d=mm&r=g","height":96,"width":96}},"publisher":{"@type":"Organization","name":"icvv.cz","logo":{"@type":"ImageObject","@id":"\/logo.png","url":"\/logo.png","width":600,"height":60}},"image":{"@type":"ImageObject","@id":"https:\/\/www.icvv.cz\/wp-content\/uploads\/chairs-2181947_1280_1.jpg","url":"https:\/\/www.icvv.cz\/wp-content\/uploads\/chairs-2181947_1280_1.jpg","height":0,"width":0},"keywords":null},{"@type":"Article","@id":"https:\/\/www.icvv.cz\/upraveny-travnik\/","headline":"Upraven\u00fd tr\u00e1vn\u00edk","url":"https:\/\/www.icvv.cz\/upraveny-travnik\/","datePublished":"2023-08-27","dateModified":"2023-09-29","mainEntityOfPage":"https:\/\/www.icvv.cz\/upraveny-travnik\/","author":{"@type":"Person","@id":"https:\/\/www.icvv.cz\/author\/#Person","name":"","url":"https:\/\/www.icvv.cz\/author\/","identifier":1,"image":{"@type":"ImageObject","@id":"https:\/\/secure.gravatar.com\/avatar\/7ca2d940d0ae3b24fc759c0201b34a0f70fe6611e5abefd5978e89211a09cdfd?s=96&d=mm&r=g","url":"https:\/\/secure.gravatar.com\/avatar\/7ca2d940d0ae3b24fc759c0201b34a0f70fe6611e5abefd5978e89211a09cdfd?s=96&d=mm&r=g","height":96,"width":96}},"publisher":{"@type":"Organization","name":"icvv.cz","logo":{"@type":"ImageObject","@id":"\/logo.png","url":"\/logo.png","width":600,"height":60}},"image":{"@type":"ImageObject","@id":"https:\/\/www.icvv.cz\/wp-content\/uploads\/stone-circles-1853340_1280.jpg","url":"https:\/\/www.icvv.cz\/wp-content\/uploads\/stone-circles-1853340_1280.jpg","height":0,"width":0},"keywords":null},{"@type":"Article","@id":"https:\/\/www.icvv.cz\/jaka-je-u-zalozeni-sro-cena\/","headline":"Jak\u00e1 je u zalo\u017een\u00ed sro cena","url":"https:\/\/www.icvv.cz\/jaka-je-u-zalozeni-sro-cena\/","datePublished":"2023-08-25","dateModified":"2023-09-26","mainEntityOfPage":"https:\/\/www.icvv.cz\/jaka-je-u-zalozeni-sro-cena\/","author":{"@type":"Person","@id":"https:\/\/www.icvv.cz\/author\/#Person","name":"","url":"https:\/\/www.icvv.cz\/author\/","identifier":1,"image":{"@type":"ImageObject","@id":"https:\/\/secure.gravatar.com\/avatar\/7ca2d940d0ae3b24fc759c0201b34a0f70fe6611e5abefd5978e89211a09cdfd?s=96&d=mm&r=g","url":"https:\/\/secure.gravatar.com\/avatar\/7ca2d940d0ae3b24fc759c0201b34a0f70fe6611e5abefd5978e89211a09cdfd?s=96&d=mm&r=g","height":96,"width":96}},"publisher":{"@type":"Organization","name":"icvv.cz","logo":{"@type":"ImageObject","@id":"\/logo.png","url":"\/logo.png","width":600,"height":60}},"image":{"@type":"ImageObject","@id":"https:\/\/www.icvv.cz\/wp-content\/uploads\/firma4_10_7.jpg","url":"https:\/\/www.icvv.cz\/wp-content\/uploads\/firma4_10_7.jpg","height":0,"width":0},"keywords":null},{"@type":"Article","@id":"https:\/\/www.icvv.cz\/organizujeme-rekonstrukci-domu\/","headline":"Organizujeme rekonstrukci domu","url":"https:\/\/www.icvv.cz\/organizujeme-rekonstrukci-domu\/","datePublished":"2023-08-25","dateModified":"2023-09-26","mainEntityOfPage":"https:\/\/www.icvv.cz\/organizujeme-rekonstrukci-domu\/","author":{"@type":"Person","@id":"https:\/\/www.icvv.cz\/author\/#Person","name":"","url":"https:\/\/www.icvv.cz\/author\/","identifier":1,"image":{"@type":"ImageObject","@id":"https:\/\/secure.gravatar.com\/avatar\/7ca2d940d0ae3b24fc759c0201b34a0f70fe6611e5abefd5978e89211a09cdfd?s=96&d=mm&r=g","url":"https:\/\/secure.gravatar.com\/avatar\/7ca2d940d0ae3b24fc759c0201b34a0f70fe6611e5abefd5978e89211a09cdfd?s=96&d=mm&r=g","height":96,"width":96}},"publisher":{"@type":"Organization","name":"icvv.cz","logo":{"@type":"ImageObject","@id":"\/logo.png","url":"\/logo.png","width":600,"height":60}},"image":{"@type":"ImageObject","@id":"https:\/\/www.icvv.cz\/wp-content\/uploads\/dock-5061702_640.jpg","url":"https:\/\/www.icvv.cz\/wp-content\/uploads\/dock-5061702_640.jpg","height":0,"width":0},"keywords":null},{"@type":"Article","@id":"https:\/\/www.icvv.cz\/presna-analyza\/","headline":"P\u0159esn\u00e1 anal\u00fdza","url":"https:\/\/www.icvv.cz\/presna-analyza\/","datePublished":"2023-08-23","dateModified":"2023-09-02","mainEntityOfPage":"https:\/\/www.icvv.cz\/presna-analyza\/","author":{"@type":"Person","@id":"https:\/\/www.icvv.cz\/author\/#Person","name":"","url":"https:\/\/www.icvv.cz\/author\/","identifier":1,"image":{"@type":"ImageObject","@id":"https:\/\/secure.gravatar.com\/avatar\/7ca2d940d0ae3b24fc759c0201b34a0f70fe6611e5abefd5978e89211a09cdfd?s=96&d=mm&r=g","url":"https:\/\/secure.gravatar.com\/avatar\/7ca2d940d0ae3b24fc759c0201b34a0f70fe6611e5abefd5978e89211a09cdfd?s=96&d=mm&r=g","height":96,"width":96}},"publisher":{"@type":"Organization","name":"icvv.cz","logo":{"@type":"ImageObject","@id":"\/logo.png","url":"\/logo.png","width":600,"height":60}},"image":{"@type":"ImageObject","@id":"https:\/\/www.icvv.cz\/wp-content\/uploads\/seo-2017000_1280.jpg","url":"https:\/\/www.icvv.cz\/wp-content\/uploads\/seo-2017000_1280.jpg","height":0,"width":0},"keywords":null},{"@type":"Article","@id":"https:\/\/www.icvv.cz\/jak-vyzrat-nad-pocasim-pri-svatebnim-dnu\/","headline":"Jak vyzr\u00e1t nad po\u010das\u00edm p\u0159i svatebn\u00edm dnu.","url":"https:\/\/www.icvv.cz\/jak-vyzrat-nad-pocasim-pri-svatebnim-dnu\/","datePublished":"2023-08-21","dateModified":"2023-09-21","mainEntityOfPage":"https:\/\/www.icvv.cz\/jak-vyzrat-nad-pocasim-pri-svatebnim-dnu\/","author":{"@type":"Person","@id":"https:\/\/www.icvv.cz\/author\/#Person","name":"","url":"https:\/\/www.icvv.cz\/author\/","identifier":1,"image":{"@type":"ImageObject","@id":"https:\/\/secure.gravatar.com\/avatar\/7ca2d940d0ae3b24fc759c0201b34a0f70fe6611e5abefd5978e89211a09cdfd?s=96&d=mm&r=g","url":"https:\/\/secure.gravatar.com\/avatar\/7ca2d940d0ae3b24fc759c0201b34a0f70fe6611e5abefd5978e89211a09cdfd?s=96&d=mm&r=g","height":96,"width":96}},"publisher":{"@type":"Organization","name":"icvv.cz","logo":{"@type":"ImageObject","@id":"\/logo.png","url":"\/logo.png","width":600,"height":60}},"image":{"@type":"ImageObject","@id":"https:\/\/www.icvv.cz\/wp-content\/uploads\/pexels-pixabay-531756.jpg","url":"https:\/\/www.icvv.cz\/wp-content\/uploads\/pexels-pixabay-531756.jpg","height":0,"width":0},"keywords":null},{"@type":"Article","@id":"https:\/\/www.icvv.cz\/penziony-ve-velkem-mederu\/","headline":"Penziony ve Velk\u00e9m Mederu","url":"https:\/\/www.icvv.cz\/penziony-ve-velkem-mederu\/","datePublished":"2023-08-21","dateModified":"2023-09-21","mainEntityOfPage":"https:\/\/www.icvv.cz\/penziony-ve-velkem-mederu\/","author":{"@type":"Person","@id":"https:\/\/www.icvv.cz\/author\/#Person","name":"","url":"https:\/\/www.icvv.cz\/author\/","identifier":1,"image":{"@type":"ImageObject","@id":"https:\/\/secure.gravatar.com\/avatar\/7ca2d940d0ae3b24fc759c0201b34a0f70fe6611e5abefd5978e89211a09cdfd?s=96&d=mm&r=g","url":"https:\/\/secure.gravatar.com\/avatar\/7ca2d940d0ae3b24fc759c0201b34a0f70fe6611e5abefd5978e89211a09cdfd?s=96&d=mm&r=g","height":96,"width":96}},"publisher":{"@type":"Organization","name":"icvv.cz","logo":{"@type":"ImageObject","@id":"\/logo.png","url":"\/logo.png","width":600,"height":60}},"image":{"@type":"ImageObject","@id":"https:\/\/www.icvv.cz\/wp-content\/uploads\/hotel-4770689_640.jpg","url":"https:\/\/www.icvv.cz\/wp-content\/uploads\/hotel-4770689_640.jpg","height":0,"width":0},"keywords":null},{"@type":"Article","@id":"https:\/\/www.icvv.cz\/seo-ma-velky-vyznam\/","headline":"SEO m\u00e1 velk\u00fd v\u00fdznam","url":"https:\/\/www.icvv.cz\/seo-ma-velky-vyznam\/","datePublished":"2023-08-14","dateModified":"2023-09-14","mainEntityOfPage":"https:\/\/www.icvv.cz\/seo-ma-velky-vyznam\/","author":{"@type":"Person","@id":"https:\/\/www.icvv.cz\/author\/#Person","name":"","url":"https:\/\/www.icvv.cz\/author\/","identifier":1,"image":{"@type":"ImageObject","@id":"https:\/\/secure.gravatar.com\/avatar\/7ca2d940d0ae3b24fc759c0201b34a0f70fe6611e5abefd5978e89211a09cdfd?s=96&d=mm&r=g","url":"https:\/\/secure.gravatar.com\/avatar\/7ca2d940d0ae3b24fc759c0201b34a0f70fe6611e5abefd5978e89211a09cdfd?s=96&d=mm&r=g","height":96,"width":96}},"publisher":{"@type":"Organization","name":"icvv.cz","logo":{"@type":"ImageObject","@id":"\/logo.png","url":"\/logo.png","width":600,"height":60}},"image":{"@type":"ImageObject","@id":"https:\/\/www.icvv.cz\/wp-content\/uploads\/ccccccccccccccccc.jpg","url":"https:\/\/www.icvv.cz\/wp-content\/uploads\/ccccccccccccccccc.jpg","height":0,"width":0},"keywords":null},{"@type":"Article","@id":"https:\/\/www.icvv.cz\/cim-je-zvlastni-preprava-leku-doplnku-stravy-a-lecivych-pripravku\/","headline":"\u010c\u00edm je zvl\u00e1\u0161tn\u00ed p\u0159eprava l\u00e9k\u016f, dopl\u0148k\u016f stravy a l\u00e9\u010div\u00fdch p\u0159\u00edpravk\u016f","url":"https:\/\/www.icvv.cz\/cim-je-zvlastni-preprava-leku-doplnku-stravy-a-lecivych-pripravku\/","datePublished":"2023-07-15","dateModified":"2023-08-17","mainEntityOfPage":"https:\/\/www.icvv.cz\/cim-je-zvlastni-preprava-leku-doplnku-stravy-a-lecivych-pripravku\/","author":{"@type":"Person","@id":"https:\/\/www.icvv.cz\/author\/#Person","name":"","url":"https:\/\/www.icvv.cz\/author\/","identifier":1,"image":{"@type":"ImageObject","@id":"https:\/\/secure.gravatar.com\/avatar\/7ca2d940d0ae3b24fc759c0201b34a0f70fe6611e5abefd5978e89211a09cdfd?s=96&d=mm&r=g","url":"https:\/\/secure.gravatar.com\/avatar\/7ca2d940d0ae3b24fc759c0201b34a0f70fe6611e5abefd5978e89211a09cdfd?s=96&d=mm&r=g","height":96,"width":96}},"publisher":{"@type":"Organization","name":"icvv.cz","logo":{"@type":"ImageObject","@id":"\/logo.png","url":"\/logo.png","width":600,"height":60}},"image":{"@type":"ImageObject","@id":"https:\/\/www.icvv.cz\/wp-content\/uploads\/lekarna2_3.png","url":"https:\/\/www.icvv.cz\/wp-content\/uploads\/lekarna2_3.png","height":0,"width":0},"keywords":null}]}