[{"@context":"https:\/\/schema.org\/","@type":"Article","@id":"https:\/\/www.icvv.cz\/chcete-zmenu\/#Article","mainEntityOfPage":"https:\/\/www.icvv.cz\/chcete-zmenu\/","headline":"Chcete zm\u011bnu?","name":"Chcete zm\u011bnu?","description":"Bohu\u017eel dne\u0161n\u00ed mu\u017ei jsou st\u00e1le poznamenan\u00ed v\u00fdchovou p\u0159edchoz\u00edch generac\u00ed, kter\u00e9 jim v\u0161t\u011bpovaly \u017ee spr\u00e1vn\u00fd mu\u017e m\u00e1 b\u00fdt c\u00edtit na n\u011bkolik metr\u016f. I v dne\u0161n\u00ed dob\u011b tak mu\u017ei m\u00edvaj\u00ed \u010dasto velice negativn\u00ed vztah ke sv\u00e9mu t\u011blu a k hygien\u011b. Mo\u017en\u00e1 je to tak\u00e9 t\u00edm, \u017ee m\u016f\u017eu v\u00e1m chyb\u011bly \u010dist\u011b p\u00e1nsk\u00e9 salony, kam by si mohli p\u0159ij\u00edt odpo\u010dinout, vy\u010distit hlavu, a nechat si upravit. \u017deny maj\u00ed k dispozici svoje d\u00e1msk\u00e9 salony na&hellip; <a href=\"https:\/\/www.icvv.cz\/chcete-zmenu\/\" rel=\"nofollow\">continue reading<\/a>","datePublished":"2024-07-13","dateModified":"2024-07-13","author":{"@type":"Person","@id":"https:\/\/www.icvv.cz\/author\/#Person","name":"","url":"https:\/\/www.icvv.cz\/author\/","identifier":1,"image":{"@type":"ImageObject","@id":"https:\/\/secure.gravatar.com\/avatar\/7ca2d940d0ae3b24fc759c0201b34a0f70fe6611e5abefd5978e89211a09cdfd?s=96&d=mm&r=g","url":"https:\/\/secure.gravatar.com\/avatar\/7ca2d940d0ae3b24fc759c0201b34a0f70fe6611e5abefd5978e89211a09cdfd?s=96&d=mm&r=g","height":96,"width":96}},"publisher":{"@type":"Organization","name":"icvv.cz","logo":{"@type":"ImageObject","@id":"\/logo.png","url":"\/logo.png","width":600,"height":60}},"image":{"@type":"ImageObject","@id":"https:\/\/www.icvv.cz\/wp-content\/uploads\/barber-6818723_640_3.jpg","url":"https:\/\/www.icvv.cz\/wp-content\/uploads\/barber-6818723_640_3.jpg","height":0,"width":0},"url":"https:\/\/www.icvv.cz\/chcete-zmenu\/","about":["Business"],"wordCount":439,"articleBody":"   Bohu\u017eel dne\u0161n\u00ed mu\u017ei jsou st\u00e1le poznamenan\u00ed v\u00fdchovou p\u0159edchoz\u00edch generac\u00ed, kter\u00e9 jim v\u0161t\u011bpovaly \u017ee spr\u00e1vn\u00fd mu\u017e m\u00e1 b\u00fdt c\u00edtit na n\u011bkolik metr\u016f. I v dne\u0161n\u00ed dob\u011b tak mu\u017ei m\u00edvaj\u00ed \u010dasto velice negativn\u00ed vztah ke sv\u00e9mu t\u011blu a k hygien\u011b. Mo\u017en\u00e1 je to tak\u00e9 t\u00edm, \u017ee m\u016f\u017eu v\u00e1m chyb\u011bly \u010dist\u011b p\u00e1nsk\u00e9 salony, kam by si mohli p\u0159ij\u00edt odpo\u010dinout, vy\u010distit hlavu, a nechat si upravit.\u017deny maj\u00ed k dispozici svoje d\u00e1msk\u00e9 salony na ka\u017ed\u00e9m kroku. Mohou nav\u0161t\u011bvovat v\u0161echny mo\u017en\u00e9 kosmetick\u00e9 procedury, a nikdo se nad t\u00edm nepozastavuje. U mu\u017e\u016f je to naopak. Kdy\u017e o sebe mu\u017e dva, schyt\u00e1v\u00e1 za to vesm\u011bs posm\u011b\u0161ky. P\u0159itom to nen\u00ed nic, za co by se n\u011bkdo musel styd\u011bt. Mo\u017en\u00e1 i proto mu\u017ei nevyhled\u00e1vaj\u00ed p\u00e1nsk\u00e9 salony, proto\u017ee maj\u00ed pocit, \u017ee jde o n\u011bco \u017eensk\u00e9ho. Barber shop v Praze https:\/\/thecrownbarbershop.cz\/ je sice ryze pansk\u00fd salon, ale krom\u011b \u00fapravy vlas\u016f a vous\u016f zde nic jin\u00e9ho nenajdete.V barber shopu si m\u016f\u017eete nechat upravit vlasy i vousy. samoz\u0159ejm\u011b m\u016f\u017eete j\u00edt norm\u00e1ln\u011b ke kade\u0159nici, ale pokud hled\u00e1te zaj\u00edmav\u00fd z\u00e1\u017eitek ze st\u0159\u00edh\u00e1n\u00ed a chcete za\u017e\u00edt jak\u00e9 to je, kdy\u017e n\u011bkdo um\u00ed pe\u010dovat o p\u00e1nskou hlavu, zastavte se v barber shopu. Na rozd\u00edl od b\u011b\u017en\u00e9ho kade\u0159nictv\u00ed se tady pracuje i s b\u0159itvou, tak\u017ee v p\u0159\u00edpad\u011b \u017ee chcete opravdu luxusn\u00ed a p\u0159esn\u00e9 kontury a p\u0159echody, je barber shop jasnou volbou.Nos\u00edte stejn\u00fd \u00fa\u010des? On to vlastn\u011b ani \u00fa\u010des nen\u00ed, a jde sp\u00ed\u0161e o vlasy r\u00e1no prohr\u00e1bnut\u00e9 prsty? Dejte kone\u010dn\u011b sv\u00fdm vlas\u016fm n\u011bjak\u00fd tvar, a nechte se u n\u00e1s prom\u011bnit. Najdeme pro v\u00e1s opravdu slu\u0161iv\u00fd \u00fa\u010des, kter\u00fd si zamilujete. T\u011b\u0161it se m\u016f\u017eete na zku\u0161en\u00e9 holi\u010dky a holi\u010de, kte\u0159\u00ed svoji pr\u00e1ci dokonale ovl\u00e1daj\u00ed. Krom\u011b b\u011b\u017en\u00fdch st\u0159ih\u016f a prom\u011bn u n\u00e1s m\u016f\u017eete podstoupit i transplantaci vlas\u016f a vous\u016f v p\u0159\u00edpad\u011b, \u017ee k v\u00e1m p\u0159\u00edroda nebyla p\u0159\u00edli\u0161 \u0161t\u011bdr\u00e1. Ud\u011blejte n\u011bco pro sv\u016fj vzhled, a dop\u0159ejte si nov\u00fd \u00fa\u010des i st\u0159ih vous\u016f. S n\u016f\u017ekami i b\u0159itvou to um\u00edme, posa\u010fte se u n\u00e1s a nechte se p\u0159esv\u011bd\u010dit na vlastn\u00ed vlasy.                                                                                                                                                                                                                                                                                                                                                                                          4.7\/5 - (4 votes)        "},{"@context":"https:\/\/schema.org\/","@type":"BreadcrumbList","itemListElement":[{"@type":"ListItem","position":1,"name":"Chcete zm\u011bnu?","item":"https:\/\/www.icvv.cz\/chcete-zmenu\/#breadcrumbitem"}]}]