[{"@context":"https:\/\/schema.org\/","@type":"Article","@id":"https:\/\/www.icvv.cz\/darujte-sve-divce-k-vanocum-sadu-kapesniku\/#Article","mainEntityOfPage":"https:\/\/www.icvv.cz\/darujte-sve-divce-k-vanocum-sadu-kapesniku\/","headline":"Darujte sv\u00e9 d\u00edvce k V\u00e1noc\u016fm sadu kapesn\u00edk\u016f","name":"Darujte sv\u00e9 d\u00edvce k V\u00e1noc\u016fm sadu kapesn\u00edk\u016f","description":"Devades\u00e1t\u00e1 l\u00e9ta znamenala v na\u0161\u00ed zemi v mnoha sm\u011brech doslova p\u0159evrat v lidsk\u00e9m my\u0161len\u00ed. Sametov\u00e1 revoluce v\u0161ak nep\u0159inesla jen sam\u00e1 pozitiva, objevila se tu \u0159ada nep\u0159\u00edjemnost\u00ed, spojen\u00fdch nap\u0159\u00edklad s nedostatkem zku\u0161enost\u00ed. Lid\u00e9 si mnohdy po\u0159izovali n\u011bco, o \u010dem\u017e pozd\u011bji, s odstupem \u010dasu zjistili, \u017ee to p\u016fvodn\u00ed, co odlo\u017eili do pomysln\u00e9ho odpadkov\u00e9ho ko\u0161e, \u017ee bylo p\u0159ece jen lep\u0161\u00ed. Jedn\u00edm z typick\u00fdch p\u0159\u00edklad\u016f byly jednor\u00e1zov\u00e9 pleny. S t\u011bmi m\u011bly mlad\u00e9 maminky v\u00edce&hellip; <a href=\"https:\/\/www.icvv.cz\/darujte-sve-divce-k-vanocum-sadu-kapesniku\/\" rel=\"nofollow\">continue reading<\/a>","datePublished":"2023-08-20","dateModified":"2023-09-20","author":{"@type":"Person","@id":"https:\/\/www.icvv.cz\/author\/#Person","name":"","url":"https:\/\/www.icvv.cz\/author\/","identifier":1,"image":{"@type":"ImageObject","@id":"https:\/\/secure.gravatar.com\/avatar\/7ca2d940d0ae3b24fc759c0201b34a0f70fe6611e5abefd5978e89211a09cdfd?s=96&d=mm&r=g","url":"https:\/\/secure.gravatar.com\/avatar\/7ca2d940d0ae3b24fc759c0201b34a0f70fe6611e5abefd5978e89211a09cdfd?s=96&d=mm&r=g","height":96,"width":96}},"publisher":{"@type":"Organization","name":"icvv.cz","logo":{"@type":"ImageObject","@id":"\/logo.png","url":"\/logo.png","width":600,"height":60}},"image":{"@type":"ImageObject","@id":"https:\/\/www.icvv.cz\/wp-content\/uploads\/handkerchiefs-7735791_640.jpg","url":"https:\/\/www.icvv.cz\/wp-content\/uploads\/handkerchiefs-7735791_640.jpg","height":0,"width":0},"url":"https:\/\/www.icvv.cz\/darujte-sve-divce-k-vanocum-sadu-kapesniku\/","about":["Produkty"],"wordCount":419,"articleBody":"   Devades\u00e1t\u00e1 l\u00e9ta znamenala v na\u0161\u00ed zemi v mnoha sm\u011brech doslova p\u0159evrat v lidsk\u00e9m my\u0161len\u00ed. Sametov\u00e1 revoluce v\u0161ak nep\u0159inesla jen sam\u00e1 pozitiva, objevila se tu \u0159ada nep\u0159\u00edjemnost\u00ed, spojen\u00fdch nap\u0159\u00edklad s nedostatkem zku\u0161enost\u00ed. Lid\u00e9 si mnohdy po\u0159izovali n\u011bco, o \u010dem\u017e pozd\u011bji, s odstupem \u010dasu zjistili, \u017ee to p\u016fvodn\u00ed, co odlo\u017eili do pomysln\u00e9ho odpadkov\u00e9ho ko\u0161e, \u017ee bylo p\u0159ece jen lep\u0161\u00ed. Jedn\u00edm z typick\u00fdch p\u0159\u00edklad\u016f byly jednor\u00e1zov\u00e9 pleny. S t\u011bmi m\u011bly mlad\u00e9 maminky v\u00edce \u010dasu a p\u0159edstavovaly pro n\u011b tak\u00e9 \u00falevu od jist\u00e9 n\u00e1mahy, ale tyto zd\u00e1nliv\u00e9 v\u00fdhody se pak projevily ve zdravotn\u00edch probl\u00e9mech jejich d\u011bt\u00ed kv\u016fli absorpci n\u011bkter\u00fdch nevhodn\u00fdch l\u00e1tek skrze poko\u017eku do vyv\u00edjej\u00edc\u00edho se d\u011btsk\u00e9ho organismu.Dal\u0161\u00edm p\u0159\u00edkladem ne v\u017edy pozitivn\u00edho rozhodnut\u00ed byly pap\u00edrov\u00e9 jednor\u00e1zov\u00e9 kapesn\u00edky. Kdy\u017e jste jej zapomn\u011bli v kapse u kalhot, vypran\u00e9 pr\u00e1dlo bylo doslova pota\u017een\u00e9 roztrhan\u00fdmi pap\u00edrov\u00fdmi \u00falomky. Exkrementy se z pap\u00edrov\u00e9ho kapesn\u00edku sn\u00e1ze dost\u00e1valy do v\u0161ech kapes, kam kapesn\u00edk putoval, a v nep\u0159\u00edzniv\u00e9m po\u010das\u00ed, nap\u0159\u00edklad v zim\u011b na hor\u00e1ch p\u0159i hust\u00e9m sn\u011b\u017een\u00ed nebo za de\u0161t\u011b byl z kapesn\u00edku za chv\u00edli rozm\u00e1\u010den\u00fd c\u00e1r, naprosto k nepou\u017eit\u00ed.L\u00e1tkov\u00e9 kapesn\u00edky se vrac\u00ed do m\u00f3dyZda se jedn\u00e1 p\u0159\u00edmo o m\u00f3dn\u00ed z\u00e1le\u017eitost, m\u00edt v kapse l\u00e1tkov\u00fd kapesn\u00edk, t\u011b\u017eko \u0159\u00edci, ka\u017edop\u00e1dn\u011b jde o prakti\u010dt\u011bj\u0161\u00ed a tak\u00e9 esteti\u010dt\u011bj\u0161\u00ed z\u00e1le\u017eitost. Takov\u00fd kapesn\u00edk se v\u00e1m nerozm\u00e1\u010d\u00ed a nerozpadne, vydr\u017e\u00ed mnoho let a nemus\u00edte utr\u00e1cet pen\u00edze za v\u00fdrobky z pap\u00edru (ne zrovna nejlevn\u011bj\u0161\u00ed).Kapesn\u00edky Prima obchod m\u016f\u017eete darovat p\u0159\u00edtelkyni k V\u00e1noc\u016fm v d\u00e1rkov\u00e9 sad\u011b, bude to hezk\u00fd dopln\u011bk k dal\u0161\u00edm prezent\u016fm, a i kdy\u017e jde o pouhou mali\u010dkost, pot\u011b\u0161\u00ed u\u017e jen to, \u017ee jste prakti\u010dt\u00ed, a uv\u011bdomujete si, jak d\u016fle\u017eitou roli hraje v \u017eivot\u011b i takov\u00e1to drobnost.A nezapome\u0148te na v\u011bnov\u00e1n\u00ed, ka\u017edou \u017eenu pot\u011b\u0161\u00ed, kdy\u017e k sad\u011b kapesn\u00edk\u016f p\u0159ilo\u017e\u00edte i vhodn\u00fd vtipn\u00fd text, anebo kapesn\u00edky opat\u0159\u00edte v\u00fd\u0161ivkou s jej\u00edm monogramem.                                                                                                                                                                                                                                                                                                                                                                                          4.5\/5 - (11 votes)        "},{"@context":"https:\/\/schema.org\/","@type":"BreadcrumbList","itemListElement":[{"@type":"ListItem","position":1,"name":"Darujte sv\u00e9 d\u00edvce k V\u00e1noc\u016fm sadu kapesn\u00edk\u016f","item":"https:\/\/www.icvv.cz\/darujte-sve-divce-k-vanocum-sadu-kapesniku\/#breadcrumbitem"}]}]