[{"@context":"https:\/\/schema.org\/","@type":"Article","@id":"https:\/\/www.icvv.cz\/koho-oslovi-rucne-malovana-skrin\/#Article","mainEntityOfPage":"https:\/\/www.icvv.cz\/koho-oslovi-rucne-malovana-skrin\/","headline":"Koho oslov\u00ed ru\u010dn\u011b malovan\u00e1 sk\u0159\u00ed\u0148","name":"Koho oslov\u00ed ru\u010dn\u011b malovan\u00e1 sk\u0159\u00ed\u0148","description":"St\u011b\u017e\u00ed lze odhadnout, co se lidem bude l\u00edbit za deset let Lidsk\u00fd vkus je neuv\u011b\u0159iteln\u011b prom\u011bnliv\u00fd a nikdo z n\u00e1s nem\u016f\u017ee bezpe\u010dn\u011b tvrdit, \u017ee ze sv\u00e9 k\u0159i\u0161\u0165\u00e1lov\u00e9 koule vy\u010dte, co se lidem bude zamlouvat za p\u011bt, deset let. Jako d\u016fkaz tohoto tvrzen\u00ed bychom mohli uv\u00e9st dva p\u0159\u00edklady. Prvn\u00edm z nich jsou kalhoty do zvonu. Poprv\u00e9 se tento fenom\u00e9n objevil mezi lidmi v zhruba v polovin\u011b sedmdes\u00e1t\u00fdch let minul\u00e9ho stolet\u00ed a&hellip; <a href=\"https:\/\/www.icvv.cz\/koho-oslovi-rucne-malovana-skrin\/\" rel=\"nofollow\">continue reading<\/a>","datePublished":"2022-01-21","dateModified":"2022-01-21","author":{"@type":"Person","@id":"https:\/\/www.icvv.cz\/author\/#Person","name":"","url":"https:\/\/www.icvv.cz\/author\/","identifier":1,"image":{"@type":"ImageObject","@id":"https:\/\/secure.gravatar.com\/avatar\/7ca2d940d0ae3b24fc759c0201b34a0f70fe6611e5abefd5978e89211a09cdfd?s=96&d=mm&r=g","url":"https:\/\/secure.gravatar.com\/avatar\/7ca2d940d0ae3b24fc759c0201b34a0f70fe6611e5abefd5978e89211a09cdfd?s=96&d=mm&r=g","height":96,"width":96}},"publisher":{"@type":"Organization","name":"icvv.cz","logo":{"@type":"ImageObject","@id":"\/logo.png","url":"\/logo.png","width":600,"height":60}},"image":{"@type":"ImageObject","@id":"https:\/\/www.icvv.cz\/wp-content\/uploads\/living-room-g9d2349e44_640.jpg","url":"https:\/\/www.icvv.cz\/wp-content\/uploads\/living-room-g9d2349e44_640.jpg","height":0,"width":0},"url":"https:\/\/www.icvv.cz\/koho-oslovi-rucne-malovana-skrin\/","about":["Produkty"],"wordCount":411,"articleBody":"   St\u011b\u017e\u00ed lze odhadnout, co se lidem bude l\u00edbit za deset letLidsk\u00fd vkus je neuv\u011b\u0159iteln\u011b prom\u011bnliv\u00fd a nikdo z n\u00e1s nem\u016f\u017ee bezpe\u010dn\u011b tvrdit, \u017ee ze sv\u00e9 k\u0159i\u0161\u0165\u00e1lov\u00e9 koule vy\u010dte, co se lidem bude zamlouvat za p\u011bt, deset let. Jako d\u016fkaz tohoto tvrzen\u00ed bychom mohli uv\u00e9st dva p\u0159\u00edklady.Prvn\u00edm z nich jsou kalhoty do zvonu. Poprv\u00e9 se tento fenom\u00e9n objevil mezi lidmi v zhruba v polovin\u011b sedmdes\u00e1t\u00fdch let minul\u00e9ho stolet\u00ed a kdo z v\u00e1s m\u00e1 doma n\u011bjak\u00e9 fotky z t\u00e9 doby, bude s \u00fadivem z\u00edrat, co si lid\u00e9 na sebe dok\u00e1zali vz\u00edt. Mo\u017en\u00e1, \u017ee to pamatujete i vy, a nemus\u00edte zach\u00e1zet ani p\u0159\u00edli\u0161 daleko, nebo\u0165 po z\u00e1niku tohoto stylu se \u201ezvonovky\u201c objevily na sc\u00e9n\u011b o t\u0159icet let pozd\u011bji, kr\u00e1tce po n\u00e1stupu nov\u00e9ho mil\u00e9nia. Mezit\u00edm je vyst\u0159\u00eddaly tzv. mrkv\u00e1m, pozd\u011bji t\u011bsn\u011b p\u0159il\u00e9hav\u00e9 modely a dnes se op\u011bt za\u010d\u00ednaj\u00ed prvn\u00ed kalhoty do zvonu objevovat na ve\u0159ejnosti.Druh\u00fdm p\u0159\u00edkladem je porcel\u00e1n, toho se lid\u00e9 houfn\u011b zbavovali v 60. letech, kdy dominovaly plasty, a kdo nem\u011bl doma plastov\u00e9 n\u00e1dob\u00ed, nebyl \u201ein\u201c. Kdo v\u0161ak sv\u00e9 porcel\u00e1nov\u00e9 servisy po babi\u010dce nevyhodil, v\u00fdhodn\u011b je zpen\u011b\u017eil v 80. letech, kdy se po plastech slehla zem a lid\u00e9 se op\u011bt navraceli k tradi\u010dn\u00edm hodnot\u00e1m.Retro styl fr\u010d\u00edTradi\u010dn\u00ed hodnoty se dotkly i malovan\u00fdch sk\u0159\u00edn\u00ed, truhel, komod, postel\u00ed a dal\u0161\u00edho n\u00e1bytku, kter\u00fd lidem kr\u00e1\u0161lil p\u0159\u00edbytky ji\u017e p\u0159ed v\u00edce ne\u017e sto lety. Je to \u00fa\u017easn\u00fd retro styl, kter\u00fd se k n\u00e1m znovu vrac\u00ed a p\u0159ipom\u00edn\u00e1 n\u00e1m dobu v\u00edce p\u0159\u00edv\u011btiv\u011bj\u0161\u00ed, kdy lid\u00e9 mezi sebou komunikovali paradoxn\u011b l\u00e9pe, ne\u017e my dnes, obklopeni v\u00fdpo\u010detn\u00ed technikou, notebooky a mobiln\u00edmi telefony. Malovan\u00fd n\u00e1bytek se st\u00e1v\u00e1 sou\u010dasn\u011b bytov\u00fdm dopl\u0148kem, stylov\u00fdm prvkem a zaj\u00edmav\u00fdm \u0159e\u0161en\u00edm zejm\u00e9na tam, kde p\u0159evl\u00e1daj\u00ed p\u0159\u00edrodn\u00ed materi\u00e1ly, nap\u0159. v duchu selsk\u00e9ho stylu, tzv. rustikal. Uv\u00edt\u00e1 jej ka\u017ed\u00fd, kdo vyzdvihuje tradi\u010dn\u00ed hodnoty lidstv\u00ed, a kdo d\u00e1v\u00e1 p\u0159ednost klidn\u00e9mu venkovsk\u00e9mu \u017eivotu p\u0159ed chladn\u00fdm a neosobn\u00edm konstrukc\u00edm z kombinace kovu a skla.                                                                                                                                                                                                                                                                                                                                                                                          3.4\/5 - (5 votes)        "},{"@context":"https:\/\/schema.org\/","@type":"BreadcrumbList","itemListElement":[{"@type":"ListItem","position":1,"name":"Koho oslov\u00ed ru\u010dn\u011b malovan\u00e1 sk\u0159\u00ed\u0148","item":"https:\/\/www.icvv.cz\/koho-oslovi-rucne-malovana-skrin\/#breadcrumbitem"}]}]