[{"@context":"https:\/\/schema.org\/","@type":"Blog","@id":"https:\/\/www.icvv.cz#Blog","headline":"Icvv","description":"\nN\u00e1\u0161 web pat\u0159\u00ed od sam\u00e9ho po\u010d\u00e1tku mezi v\u00fdtvory, kter\u00e9 maj\u00ed u\u017eivatel\u016fm internetu skv\u011ble slou\u017eit. A proto se nemus\u00edte ob\u00e1vat na na\u0161e nab\u00eddky vsadit.","url":"https:\/\/www.icvv.cz","hasPart":[{"@type":"Article","@id":"https:\/\/www.icvv.cz\/mame-nova-plastova-okna\/","headline":"M\u00e1me nov\u00e1 plastov\u00e1 okna","url":"https:\/\/www.icvv.cz\/mame-nova-plastova-okna\/","datePublished":"2025-07-05","dateModified":"2025-07-05","mainEntityOfPage":"https:\/\/www.icvv.cz\/mame-nova-plastova-okna\/","author":{"@type":"Person","@id":"https:\/\/www.icvv.cz\/author\/#Person","name":"","url":"https:\/\/www.icvv.cz\/author\/","identifier":1,"image":{"@type":"ImageObject","@id":"https:\/\/secure.gravatar.com\/avatar\/7ca2d940d0ae3b24fc759c0201b34a0f70fe6611e5abefd5978e89211a09cdfd?s=96&d=mm&r=g","url":"https:\/\/secure.gravatar.com\/avatar\/7ca2d940d0ae3b24fc759c0201b34a0f70fe6611e5abefd5978e89211a09cdfd?s=96&d=mm&r=g","height":96,"width":96}},"publisher":{"@type":"Organization","name":"icvv.cz","logo":{"@type":"ImageObject","@id":"\/logo.png","url":"\/logo.png","width":600,"height":60}},"image":{"@type":"ImageObject","@id":"https:\/\/www.icvv.cz\/wp-content\/uploads\/chairs-1838776_640_6.jpg","url":"https:\/\/www.icvv.cz\/wp-content\/uploads\/chairs-1838776_640_6.jpg","height":0,"width":0},"wordCount":673,"keywords":null},{"@type":"Article","@id":"https:\/\/www.icvv.cz\/jaka-pravidla-ma-nova-elektroinstalace\/","headline":"Jak\u00e1 pravidla m\u00e1 nov\u00e1 elektroinstalace","url":"https:\/\/www.icvv.cz\/jaka-pravidla-ma-nova-elektroinstalace\/","datePublished":"2025-07-02","dateModified":"2025-07-02","mainEntityOfPage":"https:\/\/www.icvv.cz\/jaka-pravidla-ma-nova-elektroinstalace\/","author":{"@type":"Person","@id":"https:\/\/www.icvv.cz\/author\/#Person","name":"","url":"https:\/\/www.icvv.cz\/author\/","identifier":1,"image":{"@type":"ImageObject","@id":"https:\/\/secure.gravatar.com\/avatar\/7ca2d940d0ae3b24fc759c0201b34a0f70fe6611e5abefd5978e89211a09cdfd?s=96&d=mm&r=g","url":"https:\/\/secure.gravatar.com\/avatar\/7ca2d940d0ae3b24fc759c0201b34a0f70fe6611e5abefd5978e89211a09cdfd?s=96&d=mm&r=g","height":96,"width":96}},"publisher":{"@type":"Organization","name":"icvv.cz","logo":{"@type":"ImageObject","@id":"\/logo.png","url":"\/logo.png","width":600,"height":60}},"image":{"@type":"ImageObject","@id":"https:\/\/www.icvv.cz\/wp-content\/uploads\/elektrikar2_10_10_10_10_4.jpg","url":"https:\/\/www.icvv.cz\/wp-content\/uploads\/elektrikar2_10_10_10_10_4.jpg","height":0,"width":0},"wordCount":597,"keywords":null},{"@type":"Article","@id":"https:\/\/www.icvv.cz\/v-obyvacim-pokoji-jako-na-morske-plazi\/","headline":"V ob\u00fdvac\u00edm pokoji jako na mo\u0159sk\u00e9 pl\u00e1\u017ei?","url":"https:\/\/www.icvv.cz\/v-obyvacim-pokoji-jako-na-morske-plazi\/","datePublished":"2025-07-01","dateModified":"2025-07-01","mainEntityOfPage":"https:\/\/www.icvv.cz\/v-obyvacim-pokoji-jako-na-morske-plazi\/","author":{"@type":"Person","@id":"https:\/\/www.icvv.cz\/author\/#Person","name":"","url":"https:\/\/www.icvv.cz\/author\/","identifier":1,"image":{"@type":"ImageObject","@id":"https:\/\/secure.gravatar.com\/avatar\/7ca2d940d0ae3b24fc759c0201b34a0f70fe6611e5abefd5978e89211a09cdfd?s=96&d=mm&r=g","url":"https:\/\/secure.gravatar.com\/avatar\/7ca2d940d0ae3b24fc759c0201b34a0f70fe6611e5abefd5978e89211a09cdfd?s=96&d=mm&r=g","height":96,"width":96}},"publisher":{"@type":"Organization","name":"icvv.cz","logo":{"@type":"ImageObject","@id":"\/logo.png","url":"\/logo.png","width":600,"height":60}},"image":null,"wordCount":257,"keywords":null},{"@type":"Article","@id":"https:\/\/www.icvv.cz\/zarizovat-a-hrat-si\/","headline":"Za\u0159izovat a hr\u00e1t si?","url":"https:\/\/www.icvv.cz\/zarizovat-a-hrat-si\/","datePublished":"2025-06-25","dateModified":"2025-06-25","mainEntityOfPage":"https:\/\/www.icvv.cz\/zarizovat-a-hrat-si\/","author":{"@type":"Person","@id":"https:\/\/www.icvv.cz\/author\/#Person","name":"","url":"https:\/\/www.icvv.cz\/author\/","identifier":1,"image":{"@type":"ImageObject","@id":"https:\/\/secure.gravatar.com\/avatar\/7ca2d940d0ae3b24fc759c0201b34a0f70fe6611e5abefd5978e89211a09cdfd?s=96&d=mm&r=g","url":"https:\/\/secure.gravatar.com\/avatar\/7ca2d940d0ae3b24fc759c0201b34a0f70fe6611e5abefd5978e89211a09cdfd?s=96&d=mm&r=g","height":96,"width":96}},"publisher":{"@type":"Organization","name":"icvv.cz","logo":{"@type":"ImageObject","@id":"\/logo.png","url":"\/logo.png","width":600,"height":60}},"image":null,"wordCount":223,"keywords":null},{"@type":"Article","@id":"https:\/\/www.icvv.cz\/prozijte-spokojeny-zivot\/","headline":"Pro\u017eijte spokojen\u00fd \u017eivot","url":"https:\/\/www.icvv.cz\/prozijte-spokojeny-zivot\/","datePublished":"2025-06-17","dateModified":"2025-06-17","mainEntityOfPage":"https:\/\/www.icvv.cz\/prozijte-spokojeny-zivot\/","author":{"@type":"Person","@id":"https:\/\/www.icvv.cz\/author\/#Person","name":"","url":"https:\/\/www.icvv.cz\/author\/","identifier":1,"image":{"@type":"ImageObject","@id":"https:\/\/secure.gravatar.com\/avatar\/7ca2d940d0ae3b24fc759c0201b34a0f70fe6611e5abefd5978e89211a09cdfd?s=96&d=mm&r=g","url":"https:\/\/secure.gravatar.com\/avatar\/7ca2d940d0ae3b24fc759c0201b34a0f70fe6611e5abefd5978e89211a09cdfd?s=96&d=mm&r=g","height":96,"width":96}},"publisher":{"@type":"Organization","name":"icvv.cz","logo":{"@type":"ImageObject","@id":"\/logo.png","url":"\/logo.png","width":600,"height":60}},"image":null,"wordCount":252,"keywords":null},{"@type":"Article","@id":"https:\/\/www.icvv.cz\/proc-si-na-prodej-bytu-v-praze-najmout-realitniho-maklere\/","headline":"Pro\u010d si na prodej bytu v Praze najmout realitn\u00edho makl\u00e9\u0159e?","url":"https:\/\/www.icvv.cz\/proc-si-na-prodej-bytu-v-praze-najmout-realitniho-maklere\/","datePublished":"2025-06-15","dateModified":"2025-06-15","mainEntityOfPage":"https:\/\/www.icvv.cz\/proc-si-na-prodej-bytu-v-praze-najmout-realitniho-maklere\/","author":{"@type":"Person","@id":"https:\/\/www.icvv.cz\/author\/#Person","name":"","url":"https:\/\/www.icvv.cz\/author\/","identifier":1,"image":{"@type":"ImageObject","@id":"https:\/\/secure.gravatar.com\/avatar\/7ca2d940d0ae3b24fc759c0201b34a0f70fe6611e5abefd5978e89211a09cdfd?s=96&d=mm&r=g","url":"https:\/\/secure.gravatar.com\/avatar\/7ca2d940d0ae3b24fc759c0201b34a0f70fe6611e5abefd5978e89211a09cdfd?s=96&d=mm&r=g","height":96,"width":96}},"publisher":{"@type":"Organization","name":"icvv.cz","logo":{"@type":"ImageObject","@id":"\/logo.png","url":"\/logo.png","width":600,"height":60}},"image":{"@type":"ImageObject","@id":"https:\/\/www.icvv.cz\/wp-content\/uploads\/eduard-uY2kic9wlmc-unsplash.jpg","url":"https:\/\/www.icvv.cz\/wp-content\/uploads\/eduard-uY2kic9wlmc-unsplash.jpg","height":0,"width":0},"wordCount":582,"keywords":null},{"@type":"Article","@id":"https:\/\/www.icvv.cz\/kdyz-nemame-na-vlastni-vozidlo\/","headline":"Kdy\u017e nem\u00e1me na vlastn\u00ed vozidlo","url":"https:\/\/www.icvv.cz\/kdyz-nemame-na-vlastni-vozidlo\/","datePublished":"2025-06-13","dateModified":"2025-06-13","mainEntityOfPage":"https:\/\/www.icvv.cz\/kdyz-nemame-na-vlastni-vozidlo\/","author":{"@type":"Person","@id":"https:\/\/www.icvv.cz\/author\/#Person","name":"","url":"https:\/\/www.icvv.cz\/author\/","identifier":1,"image":{"@type":"ImageObject","@id":"https:\/\/secure.gravatar.com\/avatar\/7ca2d940d0ae3b24fc759c0201b34a0f70fe6611e5abefd5978e89211a09cdfd?s=96&d=mm&r=g","url":"https:\/\/secure.gravatar.com\/avatar\/7ca2d940d0ae3b24fc759c0201b34a0f70fe6611e5abefd5978e89211a09cdfd?s=96&d=mm&r=g","height":96,"width":96}},"publisher":{"@type":"Organization","name":"icvv.cz","logo":{"@type":"ImageObject","@id":"\/logo.png","url":"\/logo.png","width":600,"height":60}},"image":null,"wordCount":199,"keywords":null},{"@type":"Article","@id":"https:\/\/www.icvv.cz\/za-nakupem-s-prazdnym-zaludkem\/","headline":"Za n\u00e1kupem s pr\u00e1zdn\u00fdm \u017ealudkem","url":"https:\/\/www.icvv.cz\/za-nakupem-s-prazdnym-zaludkem\/","datePublished":"2025-06-03","dateModified":"2025-06-03","mainEntityOfPage":"https:\/\/www.icvv.cz\/za-nakupem-s-prazdnym-zaludkem\/","author":{"@type":"Person","@id":"https:\/\/www.icvv.cz\/author\/#Person","name":"","url":"https:\/\/www.icvv.cz\/author\/","identifier":1,"image":{"@type":"ImageObject","@id":"https:\/\/secure.gravatar.com\/avatar\/7ca2d940d0ae3b24fc759c0201b34a0f70fe6611e5abefd5978e89211a09cdfd?s=96&d=mm&r=g","url":"https:\/\/secure.gravatar.com\/avatar\/7ca2d940d0ae3b24fc759c0201b34a0f70fe6611e5abefd5978e89211a09cdfd?s=96&d=mm&r=g","height":96,"width":96}},"publisher":{"@type":"Organization","name":"icvv.cz","logo":{"@type":"ImageObject","@id":"\/logo.png","url":"\/logo.png","width":600,"height":60}},"image":null,"wordCount":217,"keywords":null},{"@type":"Article","@id":"https:\/\/www.icvv.cz\/vizitka-domu\/","headline":"Vizitka domu","url":"https:\/\/www.icvv.cz\/vizitka-domu\/","datePublished":"2025-05-27","dateModified":"2025-05-27","mainEntityOfPage":"https:\/\/www.icvv.cz\/vizitka-domu\/","author":{"@type":"Person","@id":"https:\/\/www.icvv.cz\/author\/#Person","name":"","url":"https:\/\/www.icvv.cz\/author\/","identifier":1,"image":{"@type":"ImageObject","@id":"https:\/\/secure.gravatar.com\/avatar\/7ca2d940d0ae3b24fc759c0201b34a0f70fe6611e5abefd5978e89211a09cdfd?s=96&d=mm&r=g","url":"https:\/\/secure.gravatar.com\/avatar\/7ca2d940d0ae3b24fc759c0201b34a0f70fe6611e5abefd5978e89211a09cdfd?s=96&d=mm&r=g","height":96,"width":96}},"publisher":{"@type":"Organization","name":"icvv.cz","logo":{"@type":"ImageObject","@id":"\/logo.png","url":"\/logo.png","width":600,"height":60}},"image":null,"wordCount":205,"keywords":null},{"@type":"Article","@id":"https:\/\/www.icvv.cz\/dobry-nakup\/","headline":"Dobr\u00fd n\u00e1kup","url":"https:\/\/www.icvv.cz\/dobry-nakup\/","datePublished":"2025-05-18","dateModified":"2025-05-18","mainEntityOfPage":"https:\/\/www.icvv.cz\/dobry-nakup\/","author":{"@type":"Person","@id":"https:\/\/www.icvv.cz\/author\/#Person","name":"","url":"https:\/\/www.icvv.cz\/author\/","identifier":1,"image":{"@type":"ImageObject","@id":"https:\/\/secure.gravatar.com\/avatar\/7ca2d940d0ae3b24fc759c0201b34a0f70fe6611e5abefd5978e89211a09cdfd?s=96&d=mm&r=g","url":"https:\/\/secure.gravatar.com\/avatar\/7ca2d940d0ae3b24fc759c0201b34a0f70fe6611e5abefd5978e89211a09cdfd?s=96&d=mm&r=g","height":96,"width":96}},"publisher":{"@type":"Organization","name":"icvv.cz","logo":{"@type":"ImageObject","@id":"\/logo.png","url":"\/logo.png","width":600,"height":60}},"image":null,"wordCount":205,"keywords":null}]},{"@context":"https:\/\/schema.org","@type":"WebSite","@id":"https:\/\/www.icvv.cz\/#website","name":"Icvv","url":"https:\/\/www.icvv.cz","potentialAction":{"@type":"SearchAction","target":"https:\/\/www.icvv.cz\/?s={search_term_string}","query-input":"required name=search_term_string"}}]