[{"@context":"https:\/\/schema.org\/","@type":"Article","@id":"https:\/\/www.icvv.cz\/rodinna-oslava-na-koberci\/#Article","mainEntityOfPage":"https:\/\/www.icvv.cz\/rodinna-oslava-na-koberci\/","headline":"Rodinn\u00e1 oslava na koberci","name":"Rodinn\u00e1 oslava na koberci","description":"Chyst\u00e1te v rodin\u011b svatbu nebo promoci \u010di kulat\u00e9 narozeniny a pl\u00e1nujete na tuto akci pozvat v\u011bt\u0161\u00ed po\u010det host\u016f? A u\u017e p\u0159edem v\u00edte, \u017ee v\u00e1\u0161 ob\u00fdvac\u00ed pokoj nen\u00ed uzp\u016fsoben\u00fd pro sezen\u00ed dvaceti lid\u00ed? Pak byste mohli odn\u00e9st konferen\u010dn\u00ed stolek a sedac\u00ed soupravu do lo\u017enice \u010di do pracovny a ponechat ob\u00fdv\u00e1k zcela voln\u00fd. Posad\u00edte va\u0161e hosty nam\u00edsto do k\u0159esla na koberec. Posta\u010d\u00ed v\u00e1m k tomu dostate\u010dn\u00fd po\u010det vhodn\u00fdch pol\u0161t\u00e1\u0159k\u016f a ob\u010derstven\u00ed budete&hellip; <a href=\"https:\/\/www.icvv.cz\/rodinna-oslava-na-koberci\/\" rel=\"nofollow\">continue reading<\/a>","datePublished":"2025-01-14","dateModified":"2025-01-14","author":{"@type":"Person","@id":"https:\/\/www.icvv.cz\/author\/#Person","name":"","url":"https:\/\/www.icvv.cz\/author\/","identifier":1,"image":{"@type":"ImageObject","@id":"https:\/\/secure.gravatar.com\/avatar\/7ca2d940d0ae3b24fc759c0201b34a0f70fe6611e5abefd5978e89211a09cdfd?s=96&d=mm&r=g","url":"https:\/\/secure.gravatar.com\/avatar\/7ca2d940d0ae3b24fc759c0201b34a0f70fe6611e5abefd5978e89211a09cdfd?s=96&d=mm&r=g","height":96,"width":96}},"publisher":{"@type":"Organization","name":"icvv.cz","logo":{"@type":"ImageObject","@id":"\/logo.png","url":"\/logo.png","width":600,"height":60}},"image":{"@type":"ImageObject","@id":"https:\/\/www.icvv.cz\/wp-content\/uploads\/pexels-wkn-992646-1933464.jpg","url":"https:\/\/www.icvv.cz\/wp-content\/uploads\/pexels-wkn-992646-1933464.jpg","height":0,"width":0},"url":"https:\/\/www.icvv.cz\/rodinna-oslava-na-koberci\/","about":["Business"],"wordCount":440,"articleBody":"        Chyst\u00e1te v rodin\u011b svatbu nebo promoci \u010di kulat\u00e9 narozeniny a pl\u00e1nujete na tuto akci pozvat v\u011bt\u0161\u00ed po\u010det host\u016f? A u\u017e p\u0159edem v\u00edte, \u017ee v\u00e1\u0161 ob\u00fdvac\u00ed pokoj nen\u00ed uzp\u016fsoben\u00fd pro sezen\u00ed dvaceti lid\u00ed? Pak byste mohli odn\u00e9st konferen\u010dn\u00ed stolek a sedac\u00ed soupravu do lo\u017enice \u010di do pracovny a ponechat ob\u00fdv\u00e1k zcela voln\u00fd. Posad\u00edte va\u0161e hosty nam\u00edsto do k\u0159esla na koberec. Posta\u010d\u00ed v\u00e1m k tomu dostate\u010dn\u00fd po\u010det vhodn\u00fdch pol\u0161t\u00e1\u0159k\u016f a ob\u010derstven\u00ed budete chystat p\u0159\u00edmo na podlahu \u2013 polo\u017e\u00edte tam n\u011bkolik podnos\u016f s oblo\u017een\u00fdmi chleb\u00ed\u010dky \u010di jednohubkami, hrnky s n\u00e1poji, sladk\u00fdmi z\u00e1kusky a budou-li v\u0161ichni sed\u011bt v kruhu \u010di ov\u00e1lu, uvid\u00ed na sebe a budete pak mezi sebou moci i l\u00e9pe konverzovat. Na koberci je v\u00edce m\u00edsta, daj\u00ed se tu i nat\u00e1hnout nohy a zaujmout polohu v le\u017ee. Podm\u00ednkou ov\u0161em je, \u017ee bude koberec \u010dist\u00fd a vo\u0148av\u00fd, a to je u klasick\u00fdch vysava\u010d\u016f n\u011bkdy probl\u00e9m. S\u00e1\u010dkov\u00fd vysava\u010d nem\u00e1 takov\u00fd v\u00fdkon, aby odstranil z koberce v\u0161echny ne\u010distoty, a tak se v\u00e1m tu m\u016f\u017ee st\u00e1t, \u017ee po ur\u010dit\u00e9 dob\u011b bude m\u00edt koberec podivnou barvu, m\u016f\u017ee b\u00fdt i lepkav\u00fd, mohou se na n\u011bm tvo\u0159it \u017emolky ne\u010distot a budou na n\u011bm patrn\u00e9 vy\u0161lapan\u00e9 cesti\u010dky, kde se nejv\u00edc chod\u00ed. Na takov\u00fdto povrch pak posadit va\u0161e hosty, to je sp\u00ed\u0161 ostuda, ne\u017e p\u0159ednost.Dal\u0161\u00edm v\u00fdrazn\u00fdm nedostatkem klasick\u00fdch vysava\u010d\u016f je fakt, \u017ee si neporad\u00ed se z\u00e1pachem. Koberce zap\u00e1chaj\u00ed p\u0159ev\u00e1\u017en\u011b ze dvou d\u016fvod\u016f, za prv\u00e9 se na nich usazuje mastnota rozpt\u00fdlen\u00e1 z va\u0159en\u00ed, pe\u010den\u00ed a sma\u017een\u00ed j\u00eddel, kter\u00e1 tu \u017elukne a vytv\u00e1\u0159\u00ed nakysl\u00fd z\u00e1pach. Za druh\u00e9 jsou v\u00fdznamn\u00fdm zdrojem z\u00e1pachu koberce va\u0161e chodidla a pono\u017eky. Lidsk\u00fd pot z chodidel se do koberce snadno vet\u0159e a spolu s n\u00edm se tu objev\u00ed i bakterie a ty se pak postaraj\u00ed o jeho rozklad za vzniku sirn\u00fdch \u0161tiplav\u00fdch slou\u010denin. A sed\u011bt na koberci a neust\u00e1le \u010dichat od\u00e9r nemyt\u00fdch chodidel, to nebude na va\u0161\u00ed oslav\u011b asi to prav\u00e9 o\u0159echov\u00e9.Va\u0161e oslava prob\u011bhne v lep\u0161\u00edm duchu, kdy\u017e si v\u010das sjedn\u00e1te na d\u016fkladn\u00e9 \u010di\u0161t\u011bn\u00ed koberc\u016f v Praze https:\/\/www.wismont-cisteni.cz\/ specializovanou firmu s dob\u0159e recenzovan\u00fdm strojem Rotovac.                                                                                                                                                                                                                                                                                                                                                                                           3.5\/5 - (8 votes)        "},{"@context":"https:\/\/schema.org\/","@type":"BreadcrumbList","itemListElement":[{"@type":"ListItem","position":1,"name":"Rodinn\u00e1 oslava na koberci","item":"https:\/\/www.icvv.cz\/rodinna-oslava-na-koberci\/#breadcrumbitem"}]}]