[{"@context":"https:\/\/schema.org\/","@type":"Article","@id":"https:\/\/www.icvv.cz\/stehujeme-se-v-zime-do-hor\/#Article","mainEntityOfPage":"https:\/\/www.icvv.cz\/stehujeme-se-v-zime-do-hor\/","headline":"St\u011bhujeme se v zim\u011b do hor","name":"St\u011bhujeme se v zim\u011b do hor","description":"Vyhl\u00e9dli jste si k bydlen\u00ed zaj\u00edmav\u011bj\u0161\u00ed objekt v horsk\u00e9m ter\u00e9nu a opou\u0161t\u00edte m\u011bsto? P\u0159est\u00e1v\u00e1 v\u00e1s ji\u017e bavit p\u0159eb\u00fdvat v p\u0159elidn\u011bn\u00e9m prost\u0159ed\u00ed pln\u00e9m stresu, kter\u00fd naru\u0161uje va\u0161e mezilidsk\u00e9 vztahy? M\u00e1te-li tu mo\u017enost odst\u011bhovat se do hor, nev\u00e1hejte, bude to jist\u011b zm\u011bna k lep\u0161\u00edmu. Jestli\u017ee ov\u0161em term\u00edn st\u011bhov\u00e1n\u00ed vych\u00e1z\u00ed do zimn\u00edho obdob\u00ed, pak se m\u011bjte na pozoru. Sn\u011bhov\u00e9 \u0159et\u011bzy s sebou \u2013 st\u011bhov\u00e1n\u00ed do hor m\u016f\u017ee prov\u00e1zet \u0159ada neo\u010dek\u00e1van\u00fdch pot\u00ed\u017e\u00ed, s nimi\u017e&hellip; <a href=\"https:\/\/www.icvv.cz\/stehujeme-se-v-zime-do-hor\/\" rel=\"nofollow\">continue reading<\/a>","datePublished":"2023-09-30","dateModified":"2023-09-30","author":{"@type":"Person","@id":"https:\/\/www.icvv.cz\/author\/#Person","name":"","url":"https:\/\/www.icvv.cz\/author\/","identifier":1,"image":{"@type":"ImageObject","@id":"https:\/\/secure.gravatar.com\/avatar\/7ca2d940d0ae3b24fc759c0201b34a0f70fe6611e5abefd5978e89211a09cdfd?s=96&d=mm&r=g","url":"https:\/\/secure.gravatar.com\/avatar\/7ca2d940d0ae3b24fc759c0201b34a0f70fe6611e5abefd5978e89211a09cdfd?s=96&d=mm&r=g","height":96,"width":96}},"publisher":{"@type":"Organization","name":"icvv.cz","logo":{"@type":"ImageObject","@id":"\/logo.png","url":"\/logo.png","width":600,"height":60}},"image":{"@type":"ImageObject","@id":"https:\/\/www.icvv.cz\/wp-content\/uploads\/box-2484376_640_6.png","url":"https:\/\/www.icvv.cz\/wp-content\/uploads\/box-2484376_640_6.png","height":0,"width":0},"url":"https:\/\/www.icvv.cz\/stehujeme-se-v-zime-do-hor\/","about":["Business"],"wordCount":439,"articleBody":"         Vyhl\u00e9dli jste si k bydlen\u00ed zaj\u00edmav\u011bj\u0161\u00ed objekt v horsk\u00e9m ter\u00e9nu a opou\u0161t\u00edte m\u011bsto? P\u0159est\u00e1v\u00e1 v\u00e1s ji\u017e bavit p\u0159eb\u00fdvat v p\u0159elidn\u011bn\u00e9m prost\u0159ed\u00ed pln\u00e9m stresu, kter\u00fd naru\u0161uje va\u0161e mezilidsk\u00e9 vztahy? M\u00e1te-li tu mo\u017enost odst\u011bhovat se do hor, nev\u00e1hejte, bude to jist\u011b zm\u011bna k lep\u0161\u00edmu. Jestli\u017ee ov\u0161em term\u00edn st\u011bhov\u00e1n\u00ed vych\u00e1z\u00ed do zimn\u00edho obdob\u00ed, pak se m\u011bjte na pozoru.Sn\u011bhov\u00e9 \u0159et\u011bzy s sebou \u2013 st\u011bhov\u00e1n\u00ed do hor m\u016f\u017ee prov\u00e1zet \u0159ada neo\u010dek\u00e1van\u00fdch pot\u00ed\u017e\u00ed, s nimi\u017e jste mo\u017en\u00e1 v l\u00e9t\u011b v\u016fbec nepo\u010d\u00edtali. V l\u00e9t\u011b jsou toti\u017e hory kouzeln\u00e9, panuj\u00ed zde p\u0159\u00edjemn\u00e9 teploty a v\u0161e nasv\u011bd\u010duje tomu, jak b\u00e1je\u010dn\u00fd tu pro\u017eijete zbytek \u017eivota. Ale jakmile napadne metr sn\u011bhu a teplota se propad\u00e1 hluboko pod bod mrazu, mus\u00edte po\u010d\u00edtat s dopravn\u00edm omezen\u00edm. Do n\u011bkter\u00fdch m\u00edst se bez sn\u011bhov\u00fdch \u0159et\u011bz\u016f v\u016fbec nedostanete, a to plat\u00ed nejen pro osobn\u00ed automobily, ale i pro st\u011bhovac\u00ed n\u00e1kladn\u00ed vozy.Posypov\u00fd materi\u00e1l \u2013 st\u011bhov\u00e1n\u00ed z Prahy v zim\u011b by m\u011blo b\u00fdt poka\u017ed\u00e9 zaji\u0161t\u011bno posypov\u00fdm materi\u00e1lem. V ide\u00e1ln\u00edm p\u0159\u00edpad\u011b tuh\u00fdmi slo\u017ekami, jako je popel nebo k\u0159emi\u010dit\u00fd p\u00edsek. S\u016fl zde nen\u00ed vhodn\u00e1 jednak z ekologick\u00e9ho hlediska, a pak i z d\u016fvodu vytv\u00e1\u0159en\u00ed ka\u0161ovit\u00e9 hmoty, kter\u00e1 je p\u0159i p\u0159en\u00e1\u0161en\u00ed b\u0159emen velmi nebezpe\u010dn\u00e1.Brzy se stm\u00edv\u00e1 \u2013 po\u010d\u00edtejte tak\u00e9 s t\u00edm, \u017ee ji\u017e po patn\u00e1ct\u00e9 hodin\u011b se za\u010dne stm\u00edvat a brzy ji\u017e neuvid\u00edte na krok. A s baterkou v ruce toho moc nep\u0159est\u011bhujete, ale i s \u010delovkou na hlav\u011b to nebude \u017e\u00e1dn\u00e1 sl\u00e1va. Denn\u00ed sv\u011btlo je p\u0159ece jen denn\u00ed sv\u011btlo, a tak se sna\u017ete akci zvl\u00e1dnout co nejd\u0159\u00edve, ide\u00e1ln\u011b b\u011bhem dopoledne.Parkovac\u00ed m\u00edsto \u2013 parkov\u00e1n\u00ed p\u0159ed domem v hor\u00e1ch nebude probl\u00e9m, ale zaparkovat v Praze ji\u017e ano, pokud nem\u00e1te pro st\u011bhovac\u00ed vozidlo ud\u011blenu v\u00fdjimku. Tu v\u00e1m zajist\u00ed p\u0159\u00edslu\u0161n\u00fd odbor dopravy, ale pozor, m\u00e1 na vy\u0159\u00edzen\u00ed po\u017eadavku cel\u00fd m\u011bs\u00edc, tak\u017ee mus\u00edte o parkov\u00e1n\u00ed po\u017e\u00e1dat ve velk\u00e9m p\u0159edstihu. Z\u00e1rove\u0148 si m\u00edsto fyzicky zaberte, nap\u0159\u00edklad pneumatikami nebo d\u0159ev\u011bn\u00fdmi paletami.                                                                                                                                                                                                                                                                                                                                                                                          4.6\/5 - (9 votes)        "},{"@context":"https:\/\/schema.org\/","@type":"BreadcrumbList","itemListElement":[{"@type":"ListItem","position":1,"name":"St\u011bhujeme se v zim\u011b do hor","item":"https:\/\/www.icvv.cz\/stehujeme-se-v-zime-do-hor\/#breadcrumbitem"}]}]