[{"@context":"https:\/\/schema.org\/","@type":"Article","@id":"https:\/\/www.icvv.cz\/ubytovani-v-beskydech\/#Article","mainEntityOfPage":"https:\/\/www.icvv.cz\/ubytovani-v-beskydech\/","headline":"Ubytov\u00e1n\u00ed v Beskydech","name":"Ubytov\u00e1n\u00ed v Beskydech","description":"Na Morav\u011b jsou lid\u00e9 mil\u00ed a pohostinn\u00ed, tak\u017ee se sem m\u016f\u017ee jezdit bez n\u011bjak\u00fdch v\u011bt\u0161\u00edch obav, a to dokonce i bez t\u011bch, \u017ee by v\u00e1s n\u011bkde na ly\u017e\u00edch se\u017eral medv\u011bd. Ti se zde vyskytuj\u00ed skute\u010dn\u011b velmi z\u0159\u00eddka, a to jen kdy\u017e p\u0159ech\u00e1zej\u00ed odn\u011bkud n\u011bkam. Nezdr\u017euj\u00ed se tady natrvalo. Do Beskyd m\u016f\u017eete p\u0159ijet z v\u00edce stran a kochat se jejich kr\u00e1sou. Nejzn\u00e1m\u011bj\u0161\u00ed jsou asi u Pustevny, ale ze strany od Ostravy&hellip; <a href=\"https:\/\/www.icvv.cz\/ubytovani-v-beskydech\/\" rel=\"nofollow\">continue reading<\/a>","datePublished":"2025-01-24","dateModified":"2025-01-24","author":{"@type":"Person","@id":"https:\/\/www.icvv.cz\/author\/#Person","name":"","url":"https:\/\/www.icvv.cz\/author\/","identifier":1,"image":{"@type":"ImageObject","@id":"https:\/\/secure.gravatar.com\/avatar\/7ca2d940d0ae3b24fc759c0201b34a0f70fe6611e5abefd5978e89211a09cdfd?s=96&d=mm&r=g","url":"https:\/\/secure.gravatar.com\/avatar\/7ca2d940d0ae3b24fc759c0201b34a0f70fe6611e5abefd5978e89211a09cdfd?s=96&d=mm&r=g","height":96,"width":96}},"publisher":{"@type":"Organization","name":"icvv.cz","logo":{"@type":"ImageObject","@id":"\/logo.png","url":"\/logo.png","width":600,"height":60}},"image":{"@type":"ImageObject","@id":"https:\/\/www.icvv.cz\/wp-content\/uploads\/backpack-5770414_640.jpg","url":"https:\/\/www.icvv.cz\/wp-content\/uploads\/backpack-5770414_640.jpg","height":0,"width":0},"url":"https:\/\/www.icvv.cz\/ubytovani-v-beskydech\/","about":["Business"],"wordCount":413,"articleBody":"       Na Morav\u011b jsou lid\u00e9 mil\u00ed a pohostinn\u00ed, tak\u017ee se sem m\u016f\u017ee jezdit bez n\u011bjak\u00fdch v\u011bt\u0161\u00edch obav, a to dokonce i bez t\u011bch, \u017ee by v\u00e1s n\u011bkde na ly\u017e\u00edch se\u017eral medv\u011bd. Ti se zde vyskytuj\u00ed skute\u010dn\u011b velmi z\u0159\u00eddka, a to jen kdy\u017e p\u0159ech\u00e1zej\u00ed odn\u011bkud n\u011bkam. Nezdr\u017euj\u00ed se tady natrvalo. Do Beskyd m\u016f\u017eete p\u0159ijet z v\u00edce stran a kochat se jejich kr\u00e1sou. Nejzn\u00e1m\u011bj\u0161\u00ed jsou asi u Pustevny, ale ze strany od Ostravy a Fr\u00fddku-M\u00edstku jsou tak\u00e9 zaj\u00edmav\u00e9. Rozhodn\u011b tu budete m\u00edt kam j\u00edt. Je tu spousta turistick\u00fdch tras a tak\u00e9 cyklostezek, tak\u017ee nebude nouze o pohyb. A kdy\u017e v\u00e1s hory na chv\u00edli za\u010dnou nudit, co\u017e asi ne, ale kdyby, tak si m\u016f\u017eete zajet do m\u011bsta. Je to kousek. Ubytov\u00e1n\u00ed, kter\u00e9 zde dostanete je na t\u00e9 nejvy\u0161\u0161\u00ed \u00farovni nedaleko vesnice Doln\u00ed Lomn\u00e1. Budova vypad\u00e1 opravdu honosn\u011b p\u0159esn\u011b ve stylu rouben\u00fdch staveb. Kolem maj\u00ed m\u00edsto d\u011bti se sv\u00fdmi z\u00e1bavn\u00fdmi pohybov\u00fdmi hra\u010dkami a vy si m\u016f\u017eete klidn\u011b sednout n\u011bkde venku i s piv\u00ed\u010dkem a pozorovat v\u0161e kolem sebe. Kousek za budovou se m\u016f\u017eete sv\u00e9zt dokonce lanovkou. Je to skute\u010dn\u011b kousek snad ani ne p\u011bt minut. Vyjdete kous\u00ed\u010dek za budovu a \u0161up, jste u n\u00e1stupn\u00ed stanice. Zde m\u016f\u017eete nasednou a naho\u0159e kde vstoup\u00edte pokra\u010dovat d\u00e1le poln\u00ed cestou. Kdy\u017e ji posl\u00e9ze opust\u00edte, m\u016f\u017eete doj\u00edt a\u017e na Smolkov, kter\u00fd je vysok\u00fd 752 metr\u016f. Tam kde budete bydlet se budete moci samoz\u0159ejm\u011b tak\u00e9 naj\u00edst. A nejen tak n\u011bco, ale speciality, kter\u00e9 mo\u017en\u00e1 jinde ani neochutn\u00e1te. Zdej\u0161\u00ed kuchyn\u011b je vyhl\u00e1\u0161en\u00e1 \u0161iroko daleko a jezd\u00ed sem lid\u00e9 skute\u010dn\u011b zdaleka. V\u016fbec se nen\u00ed co divit. \u017de bydlen\u00ed je tu na skute\u010dn\u011b vysok\u00e9 \u00farovni, to je snad zbyte\u010dn\u00e9 ps\u00e1t. Budete sp\u00e1t v horsk\u00e9m prost\u0159ed\u00ed a kdy\u017e si otev\u0159ete na noc okno, neprobud\u00ed v\u00e1s ani gran\u00e1t. Nev\u00e1hejte a klikn\u011bte na odkaz lomn\u00e1 ubytov\u00e1n\u00ed v\u010das, proto\u017ee i na leto\u0161n\u00ed sez\u00f3nu m\u016f\u017ee b\u00fdt obsazeno. Z\u00e1jem je neuv\u011b\u0159iteln\u011b vysok\u00fd, tak\u017ee abyste o bydlen\u00ed nep\u0159i\u0161li, je l\u00e9pe se objedn\u00e1vat ji\u017e nyn\u00ed.                                                                                                                                                                                                                                                                                                                                                                                           3.4\/5 - (5 votes)        "},{"@context":"https:\/\/schema.org\/","@type":"BreadcrumbList","itemListElement":[{"@type":"ListItem","position":1,"name":"Ubytov\u00e1n\u00ed v Beskydech","item":"https:\/\/www.icvv.cz\/ubytovani-v-beskydech\/#breadcrumbitem"}]}]