[{"@context":"https:\/\/schema.org\/","@type":"Article","@id":"https:\/\/www.icvv.cz\/vystava-v-galerii\/#Article","mainEntityOfPage":"https:\/\/www.icvv.cz\/vystava-v-galerii\/","headline":"V\u00fdstava v galerii","name":"V\u00fdstava v galerii","description":"Na st\u011bn\u00e1ch po cel\u00e9m atriu visely \u010dernob\u00edl\u00e9 obrazy, kter\u00e9 doprov\u00e1zely dne\u0161n\u00ed banket na podporu mlad\u00fdch um\u011blc\u016f. Alena nem\u011bla nejmen\u0161\u00ed tu\u0161en\u00ed, co maj\u00ed ty podivn\u00e9 \u010dm\u00e1ranice r\u016fzn\u00fdch odst\u00edn\u016f \u0161ed\u00e9 znamenat, ale d\u011blala, \u017ee je p\u0159\u00ed\u0161ern\u011b obdivuje, proto\u017ee tu byl jej\u00ed \u0161\u00e9f. Jist\u011b, nem\u011bla by se chovat takhle pokrytecky, ale m\u00edt u toho chlapa dobr\u00e9 oko nen\u00ed nikdy k zahozen\u00ed. Nav\u00e1zat vztah se \u0161\u00e9fem Nepl\u00e1nuje samoz\u0159ejm\u011b n\u011bjak\u00e9 okat\u00e9 podl\u00e9z\u00e1n\u00ed, ale pokud je&hellip; <a href=\"https:\/\/www.icvv.cz\/vystava-v-galerii\/\" rel=\"nofollow\">continue reading<\/a>","datePublished":"2025-03-10","dateModified":"2025-03-10","author":{"@type":"Person","@id":"https:\/\/www.icvv.cz\/author\/#Person","name":"","url":"https:\/\/www.icvv.cz\/author\/","identifier":1,"image":{"@type":"ImageObject","@id":"https:\/\/secure.gravatar.com\/avatar\/7ca2d940d0ae3b24fc759c0201b34a0f70fe6611e5abefd5978e89211a09cdfd?s=96&d=mm&r=g","url":"https:\/\/secure.gravatar.com\/avatar\/7ca2d940d0ae3b24fc759c0201b34a0f70fe6611e5abefd5978e89211a09cdfd?s=96&d=mm&r=g","height":96,"width":96}},"publisher":{"@type":"Organization","name":"icvv.cz","logo":{"@type":"ImageObject","@id":"\/logo.png","url":"\/logo.png","width":600,"height":60}},"url":"https:\/\/www.icvv.cz\/vystava-v-galerii\/","wordCount":165,"articleBody":"Na st\u011bn\u00e1ch po cel\u00e9m atriu visely \u010dernob\u00edl\u00e9 obrazy, kter\u00e9 doprov\u00e1zely dne\u0161n\u00ed banket na podporu mlad\u00fdch um\u011blc\u016f. Alena nem\u011bla nejmen\u0161\u00ed tu\u0161en\u00ed, co maj\u00ed ty podivn\u00e9 \u010dm\u00e1ranice r\u016fzn\u00fdch odst\u00edn\u016f \u0161ed\u00e9 znamenat, ale d\u011blala, \u017ee je p\u0159\u00ed\u0161ern\u011b obdivuje, proto\u017ee tu byl jej\u00ed \u0161\u00e9f. Jist\u011b, nem\u011bla by se chovat takhle pokrytecky, ale m\u00edt u toho chlapa dobr\u00e9 oko nen\u00ed nikdy k zahozen\u00ed. Nav\u00e1zat vztah se \u0161\u00e9fem Nepl\u00e1nuje samoz\u0159ejm\u011b n\u011bjak\u00e9 okat\u00e9 podl\u00e9z\u00e1n\u00ed, ale pokud je \u0161\u00e9f takov\u00fd bl\u00e1zen do um\u011bn\u00ed, mo\u017en\u00e1 by toho \u0161lo vyu\u017e\u00edt. Nikterak vehementn\u011b, jenom n\u00e1znaky. Sly\u0161ela, \u017ee m\u00e1 syna na um\u011bleck\u00e9 \u0161kole nebo konzervato\u0159i nebo ta n\u011bkde. P\u0159e\u0161la k vedlej\u0161\u00edmu r\u00e1mu, vzala si \u0161ampa\u0148sk\u00e9 s t\u00e1cku jednoho z \u010d\u00ed\u0161n\u00edk\u016f a zastavila se u malby, kter\u00e1 ji p\u0159ece jenom malinko zaujala. Jen pro ten efekt.                                                                                                                                                                                                                                                                                                                                                                                                "},{"@context":"https:\/\/schema.org\/","@type":"BreadcrumbList","itemListElement":[{"@type":"ListItem","position":1,"name":"V\u00fdstava v galerii","item":"https:\/\/www.icvv.cz\/vystava-v-galerii\/#breadcrumbitem"}]}]